{"id":14948,"date":"2017-09-25T11:27:08","date_gmt":"2017-09-25T11:27:08","guid":{"rendered":"https:\/\/fundacionnaturalife.org\/?p=14948"},"modified":"2017-09-25T12:13:56","modified_gmt":"2017-09-25T12:13:56","slug":"entrevista-a-birgilio-montaduch-regidor-de-medio-ambiente-del-ayuntamiento-de-barx","status":"publish","type":"post","link":"https:\/\/fundacionnaturalife.org\/en\/entrevista-a-birgilio-montaduch-regidor-de-medio-ambiente-del-ayuntamiento-de-barx\/","title":{"rendered":"Entrevista a Virgilio Montaduch  Regidor  de Medio Ambiente  del Ayuntamiento de Barx"},"content":{"rendered":"<div class=\"wpb_video_widget wpb_content_element vc_clearfix   vc_video-aspect-ratio-169 vc_video-el-width-100 vc_video-align-left\">\n\t\t<div class=\"wpb_wrapper\">\n\t\t\t\n\t\t\t<div class=\"wpb_video_wrapper\"><iframe loading=\"lazy\" width=\"1060\" height=\"596\" src=\"https:\/\/www.youtube.com\/embed\/anK1oM61AZA?feature=oembed\" frameborder=\"0\" allowfullscreen><\/iframe><\/div>\n\t\t<\/div>\n\t<\/div>\n\n<p>&nbsp;<\/p>\n<p>&nbsp;<\/p>\n<p><strong><em>\u00a0<img loading=\"lazy\" decoding=\"async\" class=\"alignleft wp-image-14950 size-medium\" src=\"https:\/\/fundacionnaturalife.org\/wp-content\/uploads\/2017\/09\/Sequence-01.00_00_15_00.Still001-300x169.png\" alt=\"Entrevista Virgilio Montagut Regidor de Medio Ambiente de Barx sobre los planes de concientizaci\u00f3n y acci\u00f3n sobre el medio ambiente. \u00a1\u00a1\u00a1 LOS INCENDIOS DE VERANO, SE APAGAN EN INVIERNO...!!! Desde nuestra Fundaci\u00f3n realizamos campa\u00f1as de sensibilizaci\u00f3n y medidas de prevenci\u00f3n con las que ocurren menos incendios y cuando los hay..,se queman menos cantidad de Hect\u00e1reas y encima generamos empleo rural y econom\u00eda local. #Fundacionnaturalife #Incendioyeste #Incendiomolinicos #losincendiosdeveranoseapaganeninvierno Por favor ??, COMPARTE con todos tus contactos y ayuda a transmitir este mensaje! + info: www.fundacionnaturalife.org\" width=\"300\" height=\"169\" srcset=\"https:\/\/fundacionnaturalife.org\/wp-content\/uploads\/2017\/09\/Sequence-01.00_00_15_00.Still001-300x169.png 300w, https:\/\/fundacionnaturalife.org\/wp-content\/uploads\/2017\/09\/Sequence-01.00_00_15_00.Still001-768x432.png 768w, https:\/\/fundacionnaturalife.org\/wp-content\/uploads\/2017\/09\/Sequence-01.00_00_15_00.Still001-1024x576.png 1024w, https:\/\/fundacionnaturalife.org\/wp-content\/uploads\/2017\/09\/Sequence-01.00_00_15_00.Still001-700x394.png 700w, https:\/\/fundacionnaturalife.org\/wp-content\/uploads\/2017\/09\/Sequence-01.00_00_15_00.Still001-539x303.png 539w, https:\/\/fundacionnaturalife.org\/wp-content\/uploads\/2017\/09\/Sequence-01.00_00_15_00.Still001.png 1280w\" sizes=\"auto, (max-width: 300px) 100vw, 300px\" \/>\u00bfCu\u00e1l es tu nombre y que representas?<\/em><\/strong><\/p>\n<p>Yo soy Virgilio Montaduch soy el Regidor de medio ambiente del ayuntamiento de Barx Y desde el ayuntamiento detectamos que no ten\u00eda un plan local de prevenci\u00f3n de incendios y nos pusimos en contacto con la Conselleria. Hablamos con las empresas que se dedican a la elaboraci\u00f3n de estos planes, \u00a0el plan est\u00e1 en fase de elaboraci\u00f3n, dentro de este plan, se engloban una serie de jornadas para la difusi\u00f3n de todas las medidas que se tiene que tener en cuenta a la hora de la prevenci\u00f3n.<\/p>\n<p><strong><em>Un Mensaje a la poblaci\u00f3n sobre la prevenci\u00f3n de incendios&#8230;<\/em><\/strong><\/p>\n<p style=\"text-align: left;\"><a href=\"https:\/\/www.facebook.com\/fundacionnaturalife\/\"><img loading=\"lazy\" decoding=\"async\" class=\"wp-image-14940 alignleft\" src=\"https:\/\/fundacionnaturalife.org\/wp-content\/uploads\/2017\/09\/banner-blog-1.png\" alt=\"\" width=\"350\" height=\"135\" srcset=\"https:\/\/fundacionnaturalife.org\/wp-content\/uploads\/2017\/09\/banner-blog-1.png 639w, https:\/\/fundacionnaturalife.org\/wp-content\/uploads\/2017\/09\/banner-blog-1-300x116.png 300w\" sizes=\"auto, (max-width: 350px) 100vw, 350px\" \/><\/a>Mi mensaje a la poblaci\u00f3n seria de que sean conscientes que el medio natural es una de las fortalezas que tenemos aqu\u00ed en el Barx y que hay que hacer todo lo posible para para la prevenci\u00f3n contra incendios, para su conservaci\u00f3n, y que sean conscientes y que tengan actitudes respetuosas, y que tengan las herramientas para poder hacer\u00a0 esa prevenci\u00f3n.<\/p>\n<p>&nbsp;<\/p>\n<p><img loading=\"lazy\" decoding=\"async\" class=\"alignnone wp-image-14946 size-full\" title=\"La fundaci\u00f3n tiene como objetivo principal la mejora, defensa y desarrollo del medio ambiente y del mundo Rural, utilizando para ello cualquier medio que le aporte ingresos para tal fin (Subvenciones, donaciones privadas, captaci\u00f3n de fondos mediante campa\u00f1as, merchandising, etc..) . Utilizar\u00e1 para ello tambi\u00e9n actividades de inter\u00e9s general como son la educativa, cultural, de cooperaci\u00f3n para el desarrollo, de promoci\u00f3n del voluntariado, de promoci\u00f3n de la acci\u00f3n social, de fomento de la econom\u00eda social, y de investigaci\u00f3n cient\u00edfica y desarrollo tecnol\u00f3gico.\" src=\"https:\/\/fundacionnaturalife.org\/wp-content\/uploads\/2017\/09\/banner-blog-1-1.png\" alt=\"La fundaci\u00f3n tiene como objetivo principal la mejora, defensa y desarrollo del medio ambiente y del mundo Rural, utilizando para ello cualquier medio que le aporte ingresos para tal fin (Subvenciones, donaciones privadas, captaci\u00f3n de fondos mediante campa\u00f1as, merchandising, etc..) . Utilizar\u00e1 para ello tambi\u00e9n actividades de inter\u00e9s general como son la educativa, cultural, de cooperaci\u00f3n para el desarrollo, de promoci\u00f3n del voluntariado, de promoci\u00f3n de la acci\u00f3n social, de fomento de la econom\u00eda social, y de investigaci\u00f3n cient\u00edfica y desarrollo tecnol\u00f3gico.\" width=\"4167\" height=\"834\" srcset=\"https:\/\/fundacionnaturalife.org\/wp-content\/uploads\/2017\/09\/banner-blog-1-1.png 4167w, https:\/\/fundacionnaturalife.org\/wp-content\/uploads\/2017\/09\/banner-blog-1-1-300x60.png 300w, https:\/\/fundacionnaturalife.org\/wp-content\/uploads\/2017\/09\/banner-blog-1-1-768x154.png 768w, https:\/\/fundacionnaturalife.org\/wp-content\/uploads\/2017\/09\/banner-blog-1-1-1024x205.png 1024w, https:\/\/fundacionnaturalife.org\/wp-content\/uploads\/2017\/09\/banner-blog-1-1-700x140.png 700w\" sizes=\"auto, (max-width: 4167px) 100vw, 4167px\" \/><\/p>","protected":false},"excerpt":{"rendered":"<p>&nbsp; &nbsp; \u00a0\u00bfCu\u00e1l es tu nombre y que representas? Yo soy Virgilio Montaduch soy el Regidor de medio ambiente del ayuntamiento de Barx Y desde el ayuntamiento detectamos que no ten\u00eda un plan local de prevenci\u00f3n de incendios y nos pusimos en contacto con la&#8230;<\/p>","protected":false},"author":2,"featured_media":0,"comment_status":"closed","ping_status":"closed","sticky":false,"template":"","format":"standard","meta":{"footnotes":""},"categories":[164],"tags":[],"class_list":["post-14948","post","type-post","status-publish","format-standard","hentry","category-entrevistanaturalife"],"aioseo_notices":[],"_links":{"self":[{"href":"https:\/\/fundacionnaturalife.org\/en\/wp-json\/wp\/v2\/posts\/14948","targetHints":{"allow":["GET"]}}],"collection":[{"href":"https:\/\/fundacionnaturalife.org\/en\/wp-json\/wp\/v2\/posts"}],"about":[{"href":"https:\/\/fundacionnaturalife.org\/en\/wp-json\/wp\/v2\/types\/post"}],"author":[{"embeddable":true,"href":"https:\/\/fundacionnaturalife.org\/en\/wp-json\/wp\/v2\/users\/2"}],"replies":[{"embeddable":true,"href":"https:\/\/fundacionnaturalife.org\/en\/wp-json\/wp\/v2\/comments?post=14948"}],"version-history":[{"count":0,"href":"https:\/\/fundacionnaturalife.org\/en\/wp-json\/wp\/v2\/posts\/14948\/revisions"}],"wp:attachment":[{"href":"https:\/\/fundacionnaturalife.org\/en\/wp-json\/wp\/v2\/media?parent=14948"}],"wp:term":[{"taxonomy":"category","embeddable":true,"href":"https:\/\/fundacionnaturalife.org\/en\/wp-json\/wp\/v2\/categories?post=14948"},{"taxonomy":"post_tag","embeddable":true,"href":"https:\/\/fundacionnaturalife.org\/en\/wp-json\/wp\/v2\/tags?post=14948"}],"curies":[{"name":"wp","href":"https:\/\/api.w.org\/{rel}","templated":true}]}}