{"id":14951,"date":"2017-09-29T16:39:51","date_gmt":"2017-09-29T16:39:51","guid":{"rendered":"https:\/\/fundacionnaturalife.org\/?p=14951"},"modified":"2017-09-29T16:42:48","modified_gmt":"2017-09-29T16:42:48","slug":"turismo-sostenible-rumbo-al-dia-internacional-del-turismo-2017","status":"publish","type":"post","link":"https:\/\/fundacionnaturalife.org\/en\/turismo-sostenible-rumbo-al-dia-internacional-del-turismo-2017\/","title":{"rendered":"Turismo sostenible rumbo al d\u00eda internacional del turismo 2017"},"content":{"rendered":"<p><img loading=\"lazy\" decoding=\"async\" class=\"size-full wp-image-14952 alignleft\" src=\"https:\/\/fundacionnaturalife.org\/wp-content\/uploads\/2017\/09\/frances-roman.jpg\" alt=\"\" width=\"156\" height=\"237\" \/>El d\u00eda mundial del turismo se ha celebrado una vez m\u00e1s \u00a0y\u00a0 nos ha dejado desaf\u00edos para el presente que redundan en la necesidad de promover un turismo sostenible.<\/p>\n<p>Entonces \u00bfCu\u00e1l debe ser la labor de un buen gestor tur\u00edstico?<\/p>\n<p>Nuestra idea es clara: El turismo debe ser motor para el desarrollo econ\u00f3mico generando un aumento en la calidad de vida y que los agentes involucrados se puedan beneficiar de \u00e9l, con el m\u00ednimo impacto para tierras, bosques, oc\u00e9anos y culturas aut\u00f3ctonas.<\/p>\n<p>Pero;\u00bf que rol debemos adoptar los gestores en todos estos desaf\u00edos?<\/p>\n<p>Debemos compartir lecciones aprendidas, medir resultados, coordinar empresas p\u00fablicas con empresas privadas, involucrar a los agentes implicados, es decir, tener una agenda.<\/p>\n<p><strong>Nuestra labor es compromiso.<\/strong><\/p>\n<p>La conservaci\u00f3n de la <strong>biodiversidad<\/strong>, tener un plan de acci\u00f3n y capacitar a los habitantes y turistas es indispensable dentro de esta agenda.<\/p>\n<p><strong>El presente nos brinda 3 grandes oportunidades:<\/strong><\/p>\n<p>Crear Atractivos tur\u00edsticos \u00fanicos (algunos en desarrollo y algunos \u00a0todav\u00eda por descubrir, llenos de magia, historia y cultura).La conectividad que nos ofrece el desarrollo tecnol\u00f3gico. La creciente demanda que estamos poco a poco consiguiendo fomentar en el turismo de naturaleza.<\/p>\n<p><strong>Y 3 grandes desaf\u00edos:<\/strong><\/p>\n<ul>\n<li>Calidad de los servicios, inteligencia de mercados, coordinaci\u00f3n entre sectores e instituciones<\/li>\n<li>Para establecer agendas, en cada proyecto ya sea local o regional hemos de plantear una visi\u00f3n y un plan de acci\u00f3n por fases.<\/li>\n<li>Proyecto.<\/li>\n<li>Diagn\u00f3stico (estado del recurso)<\/li>\n<\/ul>\n<p><strong>Visi\u00f3n y plan<\/strong><\/p>\n<p>Implementaci\u00f3n de est\u00e1ndares de calidad no solo con certificados ISO\u00a0 o banderas, tambi\u00e9n haciendo que el turista viva experiencias genuinas.<\/p>\n<p>A nivel local, ONG, consultor\u00edas de ecoturismo y agentes de difusi\u00f3n trabajan para hacer del turismo sostenible la meta y el turismo responsable el proceso.<\/p>\n<p>Nosotros creemos que el territorio es el soporte de cualquier actividad tur\u00edstica y desarrollarlo adecuadamente conseguir\u00e1 generar ventajas competitivas; fuentes de crecimiento y revalorizaci\u00f3n gracias a la planificaci\u00f3n estrat\u00e9gica.<\/p>\n<p>Desde<a href=\"https:\/\/fundacionnaturalife.org\/la-fundacion\/\"> LA Fundaci\u00f3n Naturalife <\/a>queremos recopilar espacios de inter\u00e9s y lanzar estrategias de producto y promoci\u00f3n, para dar a conocer y promover espacios de inter\u00e9s cultural y paisaj\u00edstico y contribuir al desarrollo de un turismo sostenible y diversificado.<\/p>\n<p><strong><em>Francesc Rom\u00e0 Torres (Gestor Tur\u00edstico)<\/em><\/strong><\/p>\n<p>&nbsp;<\/p>\n<p>&nbsp;<\/p>\n<p><img loading=\"lazy\" decoding=\"async\" class=\"alignnone wp-image-14946 size-full\" src=\"https:\/\/fundacionnaturalife.org\/wp-content\/uploads\/2017\/09\/banner-blog-1-1.png\" alt=\"\" width=\"4167\" height=\"834\" srcset=\"https:\/\/fundacionnaturalife.org\/wp-content\/uploads\/2017\/09\/banner-blog-1-1.png 4167w, https:\/\/fundacionnaturalife.org\/wp-content\/uploads\/2017\/09\/banner-blog-1-1-300x60.png 300w, https:\/\/fundacionnaturalife.org\/wp-content\/uploads\/2017\/09\/banner-blog-1-1-768x154.png 768w, https:\/\/fundacionnaturalife.org\/wp-content\/uploads\/2017\/09\/banner-blog-1-1-1024x205.png 1024w, https:\/\/fundacionnaturalife.org\/wp-content\/uploads\/2017\/09\/banner-blog-1-1-700x140.png 700w\" sizes=\"auto, (max-width: 4167px) 100vw, 4167px\" \/><\/p>\n<p>&nbsp;<\/p>\n<p>&nbsp;<\/p>\n<p>&nbsp;<\/p>","protected":false},"excerpt":{"rendered":"<p>El d\u00eda mundial del turismo se ha celebrado una vez m\u00e1s \u00a0y\u00a0 nos ha dejado desaf\u00edos para el presente que redundan en la necesidad de promover un turismo sostenible. Entonces \u00bfCu\u00e1l debe ser la labor de un buen gestor tur\u00edstico? Nuestra idea es clara: El&#8230;<\/p>","protected":false},"author":2,"featured_media":0,"comment_status":"closed","ping_status":"closed","sticky":false,"template":"","format":"standard","meta":{"footnotes":""},"categories":[1],"tags":[],"class_list":["post-14951","post","type-post","status-publish","format-standard","hentry","category-sin-categoria"],"aioseo_notices":[],"_links":{"self":[{"href":"https:\/\/fundacionnaturalife.org\/en\/wp-json\/wp\/v2\/posts\/14951","targetHints":{"allow":["GET"]}}],"collection":[{"href":"https:\/\/fundacionnaturalife.org\/en\/wp-json\/wp\/v2\/posts"}],"about":[{"href":"https:\/\/fundacionnaturalife.org\/en\/wp-json\/wp\/v2\/types\/post"}],"author":[{"embeddable":true,"href":"https:\/\/fundacionnaturalife.org\/en\/wp-json\/wp\/v2\/users\/2"}],"replies":[{"embeddable":true,"href":"https:\/\/fundacionnaturalife.org\/en\/wp-json\/wp\/v2\/comments?post=14951"}],"version-history":[{"count":0,"href":"https:\/\/fundacionnaturalife.org\/en\/wp-json\/wp\/v2\/posts\/14951\/revisions"}],"wp:attachment":[{"href":"https:\/\/fundacionnaturalife.org\/en\/wp-json\/wp\/v2\/media?parent=14951"}],"wp:term":[{"taxonomy":"category","embeddable":true,"href":"https:\/\/fundacionnaturalife.org\/en\/wp-json\/wp\/v2\/categories?post=14951"},{"taxonomy":"post_tag","embeddable":true,"href":"https:\/\/fundacionnaturalife.org\/en\/wp-json\/wp\/v2\/tags?post=14951"}],"curies":[{"name":"wp","href":"https:\/\/api.w.org\/{rel}","templated":true}]}}