{"id":14968,"date":"2018-01-22T06:40:20","date_gmt":"2018-01-22T06:40:20","guid":{"rendered":"https:\/\/fundacionnaturalife.org\/?p=14968"},"modified":"2018-01-22T10:14:03","modified_gmt":"2018-01-22T10:14:03","slug":"que-es-una-organizacion-sin-fines-de-lucro","status":"publish","type":"post","link":"https:\/\/fundacionnaturalife.org\/en\/que-es-una-organizacion-sin-fines-de-lucro\/","title":{"rendered":"\u00bfQue es una Organizaci\u00f3n sin fines de Lucro?"},"content":{"rendered":"<p><a href=\"https:\/\/fundacionnaturalife.org\"><img loading=\"lazy\" decoding=\"async\" class=\"alignleft wp-image-14976 size-full\" src=\"https:\/\/fundacionnaturalife.org\/wp-content\/uploads\/2018\/01\/children-1582753_640-e1516614850305.jpg\" alt=\"\" width=\"640\" height=\"480\" \/><\/a>Todas las Organizaciones\u00a0\u00a0 tienen un prop\u00f3sito legal o jur\u00eddico por la cual son establecidas. La prioridad de toda\u00a0 sociedad limitada o An\u00f3nima o\u00a0 cualquier\u00a0 tipo de\u00a0 sociedad\u00a0 regulada\u00a0 dentro del texto refundido de la Ley de Sociedades de Capital, que de igual manera\u00a0 est\u00e1n dentro del r\u00e9gimen general de\u00a0 cotizaci\u00f3n de la seguridad\u00a0 social, es ganar dinero respondiendo a una\u00a0 rentabilidad dentro de un mercado\u00a0 competidor pero, <strong>\u00bfQu\u00e9 pasa\u00a0 con las\u00a0 fundaciones, o todas las organizaciones\u00a0 sin fines\u00a0 de lucro?<\/strong>, de\u00a0 eso hablaremos en este\u00a0 art\u00edculo.<\/p>\n<h4><\/h4>\n<h4>\u00bfQu\u00e9 es una Organizaci\u00f3n sin fines de Lucro?<\/h4>\n<p>Las asociaciones sin fines de lucro son asociaciones formadas mediante el acuerdo entre cinco o m\u00e1s personas f\u00edsicas o jur\u00eddicas (morales) para desarrollar o realizar actividades de bien social o inter\u00e9s p\u00fablico con fines l\u00edcitos y que no tengan como prop\u00f3sito obtener beneficios monetarios o apreciables en dinero para repartir entre sus asociados.<\/p>\n<p>&nbsp;<\/p>\n<p>&nbsp;<\/p>\n<p><strong>Seg\u00fan lo determina la ley se consideran entidades sin fines lucrativos a efectos de esta Ley, siempre que cumplan los requisitos establecidos en el art\u00edculo siguiente:<\/strong><\/p>\n<p>&nbsp;<\/p>\n<ul>\n<li>Las fundaciones.<\/li>\n<li>Las asociaciones declaradas de utilidad p\u00fablica.<\/li>\n<li>Las organizaciones no gubernamentales de desarrollo a que se refiere la Ley 23\/1998, de 7 de julio, de Cooperaci\u00f3n Internacional para el Desarrollo, siempre que tengan alguna de las formas jur\u00eddicas a que se refieren los p\u00e1rrafos anteriores.<\/li>\n<li>\u00a0Las delegaciones de fundaciones extranjeras inscritas en el Registro de Fundaciones.<\/li>\n<li>Las federaciones deportivas espa\u00f1olas, las federaciones deportivas territoriales de \u00e1mbito auton\u00f3mico integradas en aqu\u00e9llas, el Comit\u00e9 Ol\u00edmpico Espa\u00f1ol y el Comit\u00e9 Paral\u00edmpico Espa\u00f1ol.<\/li>\n<li>Las federaciones y asociaciones de las entidades sin fines lucrativos a que se refieren los p\u00e1rrafos anteriores.<\/li>\n<\/ul>\n<p>&nbsp;<\/p>\n<p>En general una fundaci\u00f3n se dedica a toda actividad\u00a0 social dedicada\u00a0 a una casusa en particular, puede\u00a0 ser medio ambiente, pobreza, crisis humanitaria, salud, ayuda a causas de investigaci\u00f3n en la\u00a0 ciencia o cualquier\u00a0 causa\u00a0\u00a0 considerada\u00a0 social. Pero, mencionando directamente la ley ser\u00e1n consideradas, a efectos de la Ley , como entidades sin fines lucrativos:<\/p>\n<p>&nbsp;<\/p>\n<p>Entidades que persigan fines de inter\u00e9s general, como pueden ser, entre otros, los de defensa de los derechos humanos, de las v\u00edctimas del terrorismo y actos violentos, los de asistencia <strong>BOLET\u00cdN OFICIAL DEL ESTADO LEGISLACI\u00d3N CONSOLIDADA<\/strong> P\u00e1gina 6 social e inclusi\u00f3n social, c\u00edvicos, educativos, culturales, cient\u00edficos, deportivos, sanitarios, laborales, de fortalecimiento institucional, de cooperaci\u00f3n para el desarrollo, de promoci\u00f3n del voluntariado, de promoci\u00f3n de la acci\u00f3n social, defensa del medio ambiente, de promoci\u00f3n y atenci\u00f3n a las personas en riesgo de exclusi\u00f3n por razones f\u00edsicas, econ\u00f3micas o culturales, de promoci\u00f3n de los valores constitucionales y defensa de los principios democr\u00e1ticos, de fomento de la tolerancia, de fomento de la econom\u00eda social, de\u00a0desarrollo de la sociedad de la informaci\u00f3n, de investigaci\u00f3n cient\u00edfica, desarrollo o innovaci\u00f3n tecnol\u00f3gica y de transferencia de la misma hacia el tejido productivo como elemento impulsor de la productividad y competitividad empresarial.<\/p>\n<p>&nbsp;<\/p>\n<p>En <strong>Medio Ambiente<\/strong> hay muchas entidades que crea acciones que ayudan a\u00a0 las\u00a0 sociedades\u00a0 en la protecci\u00f3n del patrimonio natural y\u00a0 cultural de\u00a0 todas las\u00a0 ciudades\u00a0 del mundo, como\u00a0 son la prevenci\u00f3n de incendios, La restauraci\u00f3n hidrol\u00f3gico forestal, Restauraci\u00f3n de caminos, sendas, v\u00edas pecuarias, antiguas v\u00edas de tren,\u00a0 que unen pueblos, aldeas, y ciudades, de tal manera que haya una restauraci\u00f3n del firme y del entorno vegetal o zonas \u201cverdes\u201d de la v\u00eda, entre otras muchas.<\/p>\n<p>&nbsp;<\/p>\n<p>Por todo\u00a0 esto estas\u00a0 organizaciones son apoyadas por entidades, sociedades\u00a0 capitalistas, con el objeto de contribuir en su <a href=\"https:\/\/fundacionnaturalife.org\/empresa-y-sostenibilidad\/\"><strong>Campa\u00f1a de Responsabilidad Social Corporativa<\/strong><\/a>\u00a0 de\u00a0 todas las empresas dentro del marco de empresa comprometida y solidaria.<\/p>\n<p>&nbsp;<\/p>\n<blockquote><p>La fundaci\u00f3n tiene como objetivo principal la mejora, defensa y desarrollo del medio ambiente y del mundo Rural, utilizando para ello cualquier medio que le aporte ingresos para tal fin (Subvenciones, donaciones privadas, captaci\u00f3n de fondos mediante campa\u00f1as, merchandising, etc..) . Utilizar\u00e1 para ello tambi\u00e9n actividades de inter\u00e9s general como son la educativa, cultural, de cooperaci\u00f3n para el desarrollo, de promoci\u00f3n del voluntariado, de promoci\u00f3n de la acci\u00f3n social, de fomento de la econom\u00eda social, y de investigaci\u00f3n cient\u00edfica y desarrollo tecnol\u00f3gico.<\/p>\n<p>&nbsp;<\/p><\/blockquote>\n<p><img loading=\"lazy\" decoding=\"async\" class=\"size-medium wp-image-14975 alignleft\" src=\"https:\/\/fundacionnaturalife.org\/wp-content\/uploads\/2018\/01\/hand-1137978_960_720-300x225.jpg\" alt=\"\" width=\"300\" height=\"225\" srcset=\"https:\/\/fundacionnaturalife.org\/wp-content\/uploads\/2018\/01\/hand-1137978_960_720-300x225.jpg 300w, https:\/\/fundacionnaturalife.org\/wp-content\/uploads\/2018\/01\/hand-1137978_960_720-768x576.jpg 768w, https:\/\/fundacionnaturalife.org\/wp-content\/uploads\/2018\/01\/hand-1137978_960_720-800x600.jpg 800w, https:\/\/fundacionnaturalife.org\/wp-content\/uploads\/2018\/01\/hand-1137978_960_720-700x525.jpg 700w, https:\/\/fundacionnaturalife.org\/wp-content\/uploads\/2018\/01\/hand-1137978_960_720.jpg 960w\" sizes=\"auto, (max-width: 300px) 100vw, 300px\" \/><\/p>\n<p>Desde nuestra Fundaci\u00f3n realizamos campa\u00f1as de\u00a0sensibilizaci\u00f3n y ejecutamos medidas de prevenci\u00f3n de acuerdo son las administraciones competentes, con las que ocurren menos incendios y cuando los hay se queman menos cantidad de Hect\u00e1reas. Adem\u00e1s, si hay buenos sistemas de prevenci\u00f3n, los medios de extinci\u00f3n son m\u00e1s efectivos y pueden trabajar mejor, corriendo menos riesgos sus vidas., todo ello generando empleo rural y econom\u00eda local.<\/p>\n<p>&nbsp;<\/p>\n<p>Si quieres ayudar a: restaurar zonas incendiadas, compensar tus tCO2 o colaborar con nuestro proyecto el <em><strong><a href=\"https:\/\/fundacionnaturalife.org\/banco-o2\/\">Banco de Oxigeno<\/a><\/strong><\/em>. Amplia m\u00e1s informaci\u00f3n, en:<\/p>\n<p>&nbsp;<\/p>\n<p>&nbsp;<\/p>\n<p>&nbsp;<\/p>\n<p><img loading=\"lazy\" decoding=\"async\" class=\"alignnone wp-image-14946 size-full\" src=\"https:\/\/fundacionnaturalife.org\/wp-content\/uploads\/2017\/09\/banner-blog-1-1.png\" sizes=\"auto, (max-width: 4167px) 100vw, 4167px\" srcset=\"https:\/\/fundacionnaturalife.org\/wp-content\/uploads\/2017\/09\/banner-blog-1-1.png 4167w, https:\/\/fundacionnaturalife.org\/wp-content\/uploads\/2017\/09\/banner-blog-1-1-300x60.png 300w, https:\/\/fundacionnaturalife.org\/wp-content\/uploads\/2017\/09\/banner-blog-1-1-768x154.png 768w, https:\/\/fundacionnaturalife.org\/wp-content\/uploads\/2017\/09\/banner-blog-1-1-1024x205.png 1024w, https:\/\/fundacionnaturalife.org\/wp-content\/uploads\/2017\/09\/banner-blog-1-1-700x140.png 700w\" alt=\"\" width=\"4167\" height=\"834\" \/><\/p>\n<p>&nbsp;<\/p>\n<p>&nbsp;<\/p>","protected":false},"excerpt":{"rendered":"<p>Todas las Organizaciones\u00a0\u00a0 tienen un prop\u00f3sito legal o jur\u00eddico por la cual son establecidas. La prioridad de toda\u00a0 sociedad limitada o An\u00f3nima o\u00a0 cualquier\u00a0 tipo de\u00a0 sociedad\u00a0 regulada\u00a0 dentro del texto refundido de la Ley de Sociedades de Capital, que de igual manera\u00a0 est\u00e1n dentro&#8230;<\/p>","protected":false},"author":2,"featured_media":0,"comment_status":"closed","ping_status":"closed","sticky":false,"template":"","format":"standard","meta":{"footnotes":""},"categories":[1],"tags":[167,171,170,169,172,173,168,175,174,177,176],"class_list":["post-14968","post","type-post","status-publish","format-standard","hentry","category-sin-categoria","tag-fundacion","tag-ley","tag-medio-ambient-e","tag-natura-life","tag-ong","tag-organizacion","tag-organizion-sin-fines-de-lucro","tag-sin-fines-de-lucro","tag-sociedad","tag-sociedad-anonima","tag-sociedad-limitada"],"aioseo_notices":[],"_links":{"self":[{"href":"https:\/\/fundacionnaturalife.org\/en\/wp-json\/wp\/v2\/posts\/14968","targetHints":{"allow":["GET"]}}],"collection":[{"href":"https:\/\/fundacionnaturalife.org\/en\/wp-json\/wp\/v2\/posts"}],"about":[{"href":"https:\/\/fundacionnaturalife.org\/en\/wp-json\/wp\/v2\/types\/post"}],"author":[{"embeddable":true,"href":"https:\/\/fundacionnaturalife.org\/en\/wp-json\/wp\/v2\/users\/2"}],"replies":[{"embeddable":true,"href":"https:\/\/fundacionnaturalife.org\/en\/wp-json\/wp\/v2\/comments?post=14968"}],"version-history":[{"count":1,"href":"https:\/\/fundacionnaturalife.org\/en\/wp-json\/wp\/v2\/posts\/14968\/revisions"}],"predecessor-version":[{"id":14980,"href":"https:\/\/fundacionnaturalife.org\/en\/wp-json\/wp\/v2\/posts\/14968\/revisions\/14980"}],"wp:attachment":[{"href":"https:\/\/fundacionnaturalife.org\/en\/wp-json\/wp\/v2\/media?parent=14968"}],"wp:term":[{"taxonomy":"category","embeddable":true,"href":"https:\/\/fundacionnaturalife.org\/en\/wp-json\/wp\/v2\/categories?post=14968"},{"taxonomy":"post_tag","embeddable":true,"href":"https:\/\/fundacionnaturalife.org\/en\/wp-json\/wp\/v2\/tags?post=14968"}],"curies":[{"name":"wp","href":"https:\/\/api.w.org\/{rel}","templated":true}]}}