{"id":14964,"date":"2017-11-15T15:00:38","date_gmt":"2017-11-15T15:00:38","guid":{"rendered":"https:\/\/fundacionnaturalife.org\/?p=14964"},"modified":"2017-11-11T12:26:17","modified_gmt":"2017-11-11T12:26:17","slug":"campana-respira-por-el-planeta-fundacion-natura-life-por-un-banco-de-oxigeno","status":"publish","type":"post","link":"https:\/\/fundacionnaturalife.org\/es_es\/campana-respira-por-el-planeta-fundacion-natura-life-por-un-banco-de-oxigeno\/","title":{"rendered":"Campa\u00f1a RESPIRA POR EL PLANETA!! Fundacion Natura Life por un Banco de Oxigeno"},"content":{"rendered":"<h3>\u00a1Con la fundacion Natura Life tienes la OPORTUNIDAD de formar parte de uno de los MAYORES proyectos a favor de la restauraci\u00f3n de zonas incendiadas, y prevenci\u00f3n de las no afectadas, de toda Espa\u00f1a! Quieres formar parte de nuestro gran proyecto, para la restauraci\u00f3n inicial de gran parte de las 48.000 ha de terreno forestal quemado por el gran incendio forestal de 2012 en ANDILLA &#8211; CORTES DE PALL\u00c1S (Valencia)?!!<\/h3>\n<p><strong>Monta una foto etiquetandonos en ella con el Fundaci\u00f3n Natura Life (@fundacionnaturalife)<\/strong>, sobre una zona afectada por grandes incendios forestales de tu regi\u00f3n o DEL PA\u00cdS!<\/p>\n<p>&#8211; Dale al ME GUSTA de nuestra p\u00e1gina Fundaci\u00f3n Natura Life.<br \/>\n&#8211; Dale al ME GUSTA de esta publicaci\u00f3n.<br \/>\n&#8211; Comparte el post con tus amigos de Facebook.<br \/>\n&#8211; Ind\u00edcanos PERSONAS QUE PUEDEN AYUDARNOS EN ESTE RETO.<\/p>\n<p><strong>\u00a1As\u00ed de f\u00e1cil!<\/strong> NO te pierdas esta gran OPORTUNIDAD que <strong>GARANTIZAR\u00c1 LA RESTAURACI\u00d3N DE ZONAS INCENDIADAS Y ADEM\u00c1S SEGUIREMOS EMITIENDO OX\u00cdGENO PARA LAS RESERVAS DEL PLANETA ?!!!!<\/strong><\/p>\n<p><img loading=\"lazy\" decoding=\"async\" class=\"wp-image-14965 size-large aligncenter\" src=\"https:\/\/fundacionnaturalife.org\/wp-content\/uploads\/2017\/11\/c4bcb6fc-d92c-449d-8aac-e89cfd7f02db-1024x739.jpg\" alt=\"\" width=\"1024\" height=\"739\" srcset=\"https:\/\/fundacionnaturalife.org\/wp-content\/uploads\/2017\/11\/c4bcb6fc-d92c-449d-8aac-e89cfd7f02db-1024x739.jpg 1024w, https:\/\/fundacionnaturalife.org\/wp-content\/uploads\/2017\/11\/c4bcb6fc-d92c-449d-8aac-e89cfd7f02db-300x216.jpg 300w, https:\/\/fundacionnaturalife.org\/wp-content\/uploads\/2017\/11\/c4bcb6fc-d92c-449d-8aac-e89cfd7f02db-768x554.jpg 768w, https:\/\/fundacionnaturalife.org\/wp-content\/uploads\/2017\/11\/c4bcb6fc-d92c-449d-8aac-e89cfd7f02db-700x505.jpg 700w, https:\/\/fundacionnaturalife.org\/wp-content\/uploads\/2017\/11\/c4bcb6fc-d92c-449d-8aac-e89cfd7f02db.jpg 1600w\" sizes=\"auto, (max-width: 1024px) 100vw, 1024px\" \/><\/p>\n<h6><span style=\"color: #000000;\">Nota legal : Todas\u00a0 aquellas personas que publiquen una fotografia, video, o cualquier material\u00a0 audiovisual\u00a0respecto a la campa\u00f1a\u00a0 de redes sociales ( especificamente en Facebook)\u00a0 del\u00a0 dia de inicio 15 de noviembre a las 3 pm del d\u00eda\u00a0 hasta\u00a0 su fecha de finalizaci\u00f3n colocado por la\u00a0 fundacion en los mismos medios a libre\u00a0 disposici\u00f3n de\u00a0 desici\u00f3n,\u00a0 con el hashtag #fundacionnaturalife y\/o FNaturalife\u00a0 y\/o @fundacionnaturalife dan su\u00a0 consentimiento inmediato para la\u00a0 distribuci\u00f3n, gesti\u00f3n\u00a0 y publicaci\u00f3n\u00a0 por parte de la ONG\u00a0 Natura life en cualquier red social o medio de\u00a0 comunicaci\u00f3n, este\u00a0 pertiente\u00a0 al uso en favor al apoyo de proyectos de la Fundaci\u00f3n Natura Life.\u00a0\u00a0<\/span><\/h6>\n","protected":false},"excerpt":{"rendered":"<p>\u00a1Con la fundacion Natura Life tienes la OPORTUNIDAD de formar parte de uno de los MAYORES proyectos a favor de la restauraci\u00f3n de zonas incendiadas, y prevenci\u00f3n de las no afectadas, de toda Espa\u00f1a! Quieres formar parte de nuestro gran proyecto, para la restauraci\u00f3n inicial&#8230;<\/p>\n","protected":false},"author":2,"featured_media":0,"comment_status":"closed","ping_status":"closed","sticky":false,"template":"","format":"standard","meta":{"footnotes":""},"categories":[1],"tags":[],"class_list":["post-14964","post","type-post","status-publish","format-standard","hentry","category-sin-categoria"],"aioseo_notices":[],"_links":{"self":[{"href":"https:\/\/fundacionnaturalife.org\/es_es\/wp-json\/wp\/v2\/posts\/14964","targetHints":{"allow":["GET"]}}],"collection":[{"href":"https:\/\/fundacionnaturalife.org\/es_es\/wp-json\/wp\/v2\/posts"}],"about":[{"href":"https:\/\/fundacionnaturalife.org\/es_es\/wp-json\/wp\/v2\/types\/post"}],"author":[{"embeddable":true,"href":"https:\/\/fundacionnaturalife.org\/es_es\/wp-json\/wp\/v2\/users\/2"}],"replies":[{"embeddable":true,"href":"https:\/\/fundacionnaturalife.org\/es_es\/wp-json\/wp\/v2\/comments?post=14964"}],"version-history":[{"count":0,"href":"https:\/\/fundacionnaturalife.org\/es_es\/wp-json\/wp\/v2\/posts\/14964\/revisions"}],"wp:attachment":[{"href":"https:\/\/fundacionnaturalife.org\/es_es\/wp-json\/wp\/v2\/media?parent=14964"}],"wp:term":[{"taxonomy":"category","embeddable":true,"href":"https:\/\/fundacionnaturalife.org\/es_es\/wp-json\/wp\/v2\/categories?post=14964"},{"taxonomy":"post_tag","embeddable":true,"href":"https:\/\/fundacionnaturalife.org\/es_es\/wp-json\/wp\/v2\/tags?post=14964"}],"curies":[{"name":"wp","href":"https:\/\/api.w.org\/{rel}","templated":true}]}}